{"id":11838,"date":"2025-12-02T13:57:12","date_gmt":"2025-12-02T11:57:12","guid":{"rendered":"http:\/\/ulme.ee\/veeb\/?p=11838"},"modified":"2025-12-02T13:57:12","modified_gmt":"2025-12-02T11:57:12","slug":"juhan-habicht-tuugenite-umber","status":"publish","type":"post","link":"http:\/\/ulme.ee\/veeb\/?p=11838&lang=et","title":{"rendered":"Juhan Habicht: Tuugenite \u00fcmber"},"content":{"rendered":"\n<figure class=\"wp-block-image size-full\"><a href=\"http:\/\/ulme.ee\/veeb\/wp-content\/uploads\/2025\/12\/tuugenite-umber.jpg\"><img loading=\"lazy\" decoding=\"async\" width=\"399\" height=\"594\" src=\"http:\/\/ulme.ee\/veeb\/wp-content\/uploads\/2025\/12\/tuugenite-umber.jpg\" alt=\"\" class=\"wp-image-11839\" srcset=\"http:\/\/ulme.ee\/veeb\/wp-content\/uploads\/2025\/12\/tuugenite-umber.jpg 399w, http:\/\/ulme.ee\/veeb\/wp-content\/uploads\/2025\/12\/tuugenite-umber-202x300.jpg 202w\" sizes=\"(max-width: 399px) 100vw, 399px\" \/><\/a><\/figure>\n\n\n\n<p><strong>Habichti<\/strong> uus romaan on j\u00e4rg ja t\u00fckati ka eellugu 2023. aastal ilmunud ulmeromaanile <a href=\"https:\/\/raamatukoi.ee\/kui-tuugenid-vaikisid\">\u00abKui tuugenid vaikisid\u00bb<\/a>. Seal tutvus teismeline noormees eluga katastroofij\u00e4rgses Eestis. N\u00fc\u00fcdki on keskne k\u00fcsimus selles, kas Eestis oluliselt v\u00e4henenud, kuid kirev elanikkond suudab asuda tsivilisatsiooni v\u00e4hehaaval \u00fcles ehitama v\u00f5i tuleb hakkama saada uute ja raskemate katsumustega.<\/p>\n\n\n\n<p>Olgu \u00f6eldud, et tegemist ei ole meile tuttava, vaid m\u00f5neti paralleelse Eestiga. Kokkupuutepunkte k\u00fcll on, aga mitte kuigi palju.<\/p>\n\n\n\n<p>Kirjastus Fantaasia, 184 lk<\/p>\n","protected":false},"excerpt":{"rendered":"<p>Habichti uus romaan on j\u00e4rg ja t\u00fckati ka eellugu 2023. aastal ilmunud ulmeromaanile \u00abKui tuugenid vaikisid\u00bb. Seal tutvus teismeline noormees eluga katastroofij\u00e4rgses Eestis. N\u00fc\u00fcdki on keskne k\u00fcsimus selles, kas Eestis oluliselt v\u00e4henenud, kuid kirev elanikkond suudab asuda tsivilisatsiooni v\u00e4hehaaval \u00fcles &hellip; <a href=\"http:\/\/ulme.ee\/veeb\/?p=11838&#038;lang=et\">J\u00e4tka lugemist <span class=\"meta-nav\">&rarr;<\/span><\/a><\/p>\n","protected":false},"author":4,"featured_media":0,"comment_status":"closed","ping_status":"closed","sticky":false,"template":"","format":"standard","meta":{"footnotes":""},"categories":[8],"tags":[],"_links":{"self":[{"href":"http:\/\/ulme.ee\/veeb\/index.php?rest_route=\/wp\/v2\/posts\/11838"}],"collection":[{"href":"http:\/\/ulme.ee\/veeb\/index.php?rest_route=\/wp\/v2\/posts"}],"about":[{"href":"http:\/\/ulme.ee\/veeb\/index.php?rest_route=\/wp\/v2\/types\/post"}],"author":[{"embeddable":true,"href":"http:\/\/ulme.ee\/veeb\/index.php?rest_route=\/wp\/v2\/users\/4"}],"replies":[{"embeddable":true,"href":"http:\/\/ulme.ee\/veeb\/index.php?rest_route=%2Fwp%2Fv2%2Fcomments&post=11838"}],"version-history":[{"count":1,"href":"http:\/\/ulme.ee\/veeb\/index.php?rest_route=\/wp\/v2\/posts\/11838\/revisions"}],"predecessor-version":[{"id":11840,"href":"http:\/\/ulme.ee\/veeb\/index.php?rest_route=\/wp\/v2\/posts\/11838\/revisions\/11840"}],"wp:attachment":[{"href":"http:\/\/ulme.ee\/veeb\/index.php?rest_route=%2Fwp%2Fv2%2Fmedia&parent=11838"}],"wp:term":[{"taxonomy":"category","embeddable":true,"href":"http:\/\/ulme.ee\/veeb\/index.php?rest_route=%2Fwp%2Fv2%2Fcategories&post=11838"},{"taxonomy":"post_tag","embeddable":true,"href":"http:\/\/ulme.ee\/veeb\/index.php?rest_route=%2Fwp%2Fv2%2Ftags&post=11838"}],"curies":[{"name":"wp","href":"https:\/\/api.w.org\/{rel}","templated":true}]}}