{"id":11094,"date":"2023-06-20T10:04:51","date_gmt":"2023-06-20T07:04:51","guid":{"rendered":"http:\/\/ulme.ee\/veeb\/?p=11094"},"modified":"2023-06-20T10:04:53","modified_gmt":"2023-06-20T07:04:53","slug":"mere-oie-kalle-sierf-reeglid-on-muutunud","status":"publish","type":"post","link":"http:\/\/ulme.ee\/veeb\/?p=11094&lang=et","title":{"rendered":"Mere \u00d5ie Kalle: Sierf. Reeglid on muutunud"},"content":{"rendered":"\n<figure class=\"wp-block-image size-large\"><a href=\"http:\/\/ulme.ee\/veeb\/wp-content\/uploads\/2023\/06\/sierf.jpg\"><img loading=\"lazy\" decoding=\"async\" width=\"476\" height=\"744\" src=\"http:\/\/ulme.ee\/veeb\/wp-content\/uploads\/2023\/06\/sierf.jpg\" alt=\"\" class=\"wp-image-11095\" srcset=\"http:\/\/ulme.ee\/veeb\/wp-content\/uploads\/2023\/06\/sierf.jpg 476w, http:\/\/ulme.ee\/veeb\/wp-content\/uploads\/2023\/06\/sierf-192x300.jpg 192w\" sizes=\"(max-width: 476px) 100vw, 476px\" \/><\/a><\/figure>\n\n\n\n<p>Neli teismelist s\u00f5pra, neli erinevat puuet. Elisa on pimedana s\u00fcndinud, Anabel on ratastoolis, kaksikud Mirco ja Matheo on kurttummad. K\u00f5ik neli kannatavad koolis kaas\u00f5pilaste narrimist ja kohtuvad peale kooli, et omavahel aega veeta. \u00d6\u00f6siti r\u00e4ndavad s\u00f5brad unes paralleelmaailma Sierfi, kus nad on oma puuetest vabad \u2013 n\u00e4evad, kuulevad, r\u00e4\u00e4givad ja suudavad joosta. Sierf on imeline paik, mida asustavad fantastilised olendid: haldjad, tulelinnud, \u00fckssarvikud ja f\u00f6\u00f6niksid. Pegasused lendavad seal tagurpidi, haldjad ja hiiglased peavad vibuv\u00f5istlusi ning raamatuid ei tohi seal kirjutada. Mere \u00d5ie Kalle kirjutas selle romaani 12-aastasena Itaalias elades ja itaalia keeles. \u201eSierf\u201d on Mere \u00d5ie teine raamat, mis p\u00e4lvis aastal 2021 kaks noorte kirjanike preemiat: Firenze Giovani ja Milano Giovani.<\/p>\n\n\n\n<p>Kirjastus Varrak, t\u00f5lkinud Cathy Laanela, 248 lk.<\/p>\n","protected":false},"excerpt":{"rendered":"<p>Neli teismelist s\u00f5pra, neli erinevat puuet. Elisa on pimedana s\u00fcndinud, Anabel on ratastoolis, kaksikud Mirco ja Matheo on kurttummad. K\u00f5ik neli kannatavad koolis kaas\u00f5pilaste narrimist ja kohtuvad peale kooli, et omavahel aega veeta. \u00d6\u00f6siti r\u00e4ndavad s\u00f5brad unes paralleelmaailma Sierfi, kus &hellip; <a href=\"http:\/\/ulme.ee\/veeb\/?p=11094&#038;lang=et\">J\u00e4tka lugemist <span class=\"meta-nav\">&rarr;<\/span><\/a><\/p>\n","protected":false},"author":4,"featured_media":0,"comment_status":"closed","ping_status":"closed","sticky":false,"template":"","format":"standard","meta":{"footnotes":""},"categories":[8],"tags":[],"_links":{"self":[{"href":"http:\/\/ulme.ee\/veeb\/index.php?rest_route=\/wp\/v2\/posts\/11094"}],"collection":[{"href":"http:\/\/ulme.ee\/veeb\/index.php?rest_route=\/wp\/v2\/posts"}],"about":[{"href":"http:\/\/ulme.ee\/veeb\/index.php?rest_route=\/wp\/v2\/types\/post"}],"author":[{"embeddable":true,"href":"http:\/\/ulme.ee\/veeb\/index.php?rest_route=\/wp\/v2\/users\/4"}],"replies":[{"embeddable":true,"href":"http:\/\/ulme.ee\/veeb\/index.php?rest_route=%2Fwp%2Fv2%2Fcomments&post=11094"}],"version-history":[{"count":1,"href":"http:\/\/ulme.ee\/veeb\/index.php?rest_route=\/wp\/v2\/posts\/11094\/revisions"}],"predecessor-version":[{"id":11096,"href":"http:\/\/ulme.ee\/veeb\/index.php?rest_route=\/wp\/v2\/posts\/11094\/revisions\/11096"}],"wp:attachment":[{"href":"http:\/\/ulme.ee\/veeb\/index.php?rest_route=%2Fwp%2Fv2%2Fmedia&parent=11094"}],"wp:term":[{"taxonomy":"category","embeddable":true,"href":"http:\/\/ulme.ee\/veeb\/index.php?rest_route=%2Fwp%2Fv2%2Fcategories&post=11094"},{"taxonomy":"post_tag","embeddable":true,"href":"http:\/\/ulme.ee\/veeb\/index.php?rest_route=%2Fwp%2Fv2%2Ftags&post=11094"}],"curies":[{"name":"wp","href":"https:\/\/api.w.org\/{rel}","templated":true}]}}