{"id":10913,"date":"2022-12-15T10:52:34","date_gmt":"2022-12-15T08:52:34","guid":{"rendered":"http:\/\/ulme.ee\/veeb\/?p=10913"},"modified":"2022-12-15T10:52:35","modified_gmt":"2022-12-15T08:52:35","slug":"meelis-kraft-tiuhkamae","status":"publish","type":"post","link":"http:\/\/ulme.ee\/veeb\/?p=10913&lang=et","title":{"rendered":"Meelis Kraft: Tiuhkam\u00e4e"},"content":{"rendered":"\n<figure class=\"wp-block-image size-large\"><a href=\"http:\/\/ulme.ee\/veeb\/wp-content\/uploads\/2022\/12\/meeliskraft.jpg\"><img loading=\"lazy\" decoding=\"async\" width=\"481\" height=\"744\" src=\"http:\/\/ulme.ee\/veeb\/wp-content\/uploads\/2022\/12\/meeliskraft.jpg\" alt=\"\" class=\"wp-image-10914\" srcset=\"http:\/\/ulme.ee\/veeb\/wp-content\/uploads\/2022\/12\/meeliskraft.jpg 481w, http:\/\/ulme.ee\/veeb\/wp-content\/uploads\/2022\/12\/meeliskraft-194x300.jpg 194w\" sizes=\"(max-width: 481px) 100vw, 481px\" \/><\/a><\/figure>\n\n\n\n<p>Taevas hahetas juba, kui Nikolai Tiuhkam\u00e4ele j\u00f5udis.<br>Tiuhkam\u00e4e oli kummaline koht. See ei olnud hea koht, seda kohta austati, kunagi vist isegi kummardati, oli neidki, kes hoidsid sellest eemale. Keegi ei m\u00e4letanud enam, mille p\u00e4rast, aga niimoodi oli see alati olnud.<br>Tallinnas on sume augusti\u00f5htu ja Sara l\u00e4heb s\u00f5pradega pidutsema. V\u00e4hem kui<br>nelik\u00fcmmend kaheksa tundi hiljem seisab ta Tiuhkam\u00e4el, madalal ja ilmetul k\u00fcnkal rohkem kui kahesaja kilomeetri kaugusel kodust.<br>Ta ei tea, mis on faunusbotaanika.<br>Ta ei ole kunagi kuulnud s\u00f5na \u201etiuhka\u201d.<br>Ja otse loomulikult ei tea ta midagi juhtumist 1961. aastal, mil Tiuhkam\u00e4e jalamil sai seletamatutel asjaoludel surma noor mees.<br>Aga seda lugu teavadki v\u00e4ga v\u00e4hesed.<br>Ja need, kes teavad, ei r\u00e4\u00e4gi.<\/p>\n\n\n\n<p>Kirjastus Sooroheline, 288 lk.<\/p>\n","protected":false},"excerpt":{"rendered":"<p>Taevas hahetas juba, kui Nikolai Tiuhkam\u00e4ele j\u00f5udis.Tiuhkam\u00e4e oli kummaline koht. See ei olnud hea koht, seda kohta austati, kunagi vist isegi kummardati, oli neidki, kes hoidsid sellest eemale. Keegi ei m\u00e4letanud enam, mille p\u00e4rast, aga niimoodi oli see alati olnud.Tallinnas &hellip; <a href=\"http:\/\/ulme.ee\/veeb\/?p=10913&#038;lang=et\">J\u00e4tka lugemist <span class=\"meta-nav\">&rarr;<\/span><\/a><\/p>\n","protected":false},"author":4,"featured_media":0,"comment_status":"closed","ping_status":"closed","sticky":false,"template":"","format":"standard","meta":{"footnotes":""},"categories":[8],"tags":[],"_links":{"self":[{"href":"http:\/\/ulme.ee\/veeb\/index.php?rest_route=\/wp\/v2\/posts\/10913"}],"collection":[{"href":"http:\/\/ulme.ee\/veeb\/index.php?rest_route=\/wp\/v2\/posts"}],"about":[{"href":"http:\/\/ulme.ee\/veeb\/index.php?rest_route=\/wp\/v2\/types\/post"}],"author":[{"embeddable":true,"href":"http:\/\/ulme.ee\/veeb\/index.php?rest_route=\/wp\/v2\/users\/4"}],"replies":[{"embeddable":true,"href":"http:\/\/ulme.ee\/veeb\/index.php?rest_route=%2Fwp%2Fv2%2Fcomments&post=10913"}],"version-history":[{"count":1,"href":"http:\/\/ulme.ee\/veeb\/index.php?rest_route=\/wp\/v2\/posts\/10913\/revisions"}],"predecessor-version":[{"id":10915,"href":"http:\/\/ulme.ee\/veeb\/index.php?rest_route=\/wp\/v2\/posts\/10913\/revisions\/10915"}],"wp:attachment":[{"href":"http:\/\/ulme.ee\/veeb\/index.php?rest_route=%2Fwp%2Fv2%2Fmedia&parent=10913"}],"wp:term":[{"taxonomy":"category","embeddable":true,"href":"http:\/\/ulme.ee\/veeb\/index.php?rest_route=%2Fwp%2Fv2%2Fcategories&post=10913"},{"taxonomy":"post_tag","embeddable":true,"href":"http:\/\/ulme.ee\/veeb\/index.php?rest_route=%2Fwp%2Fv2%2Ftags&post=10913"}],"curies":[{"name":"wp","href":"https:\/\/api.w.org\/{rel}","templated":true}]}}