{"id":10759,"date":"2022-06-09T15:00:33","date_gmt":"2022-06-09T12:00:33","guid":{"rendered":"http:\/\/ulme.ee\/veeb\/?p=10759"},"modified":"2022-06-09T15:00:34","modified_gmt":"2022-06-09T12:00:34","slug":"ida-tufte-michelsen-alma-freng-ja-paikesepuudjad","status":"publish","type":"post","link":"http:\/\/ulme.ee\/veeb\/?p=10759&lang=et","title":{"rendered":"Ida Tufte Michelsen: alma Freng ja p\u00e4ikesep\u00fc\u00fcdjad"},"content":{"rendered":"\n<figure class=\"wp-block-image size-large\"><a href=\"http:\/\/ulme.ee\/veeb\/wp-content\/uploads\/2022\/06\/alma.jpg\"><img loading=\"lazy\" decoding=\"async\" width=\"414\" height=\"600\" src=\"http:\/\/ulme.ee\/veeb\/wp-content\/uploads\/2022\/06\/alma.jpg\" alt=\"\" class=\"wp-image-10760\" srcset=\"http:\/\/ulme.ee\/veeb\/wp-content\/uploads\/2022\/06\/alma.jpg 414w, http:\/\/ulme.ee\/veeb\/wp-content\/uploads\/2022\/06\/alma-207x300.jpg 207w\" sizes=\"(max-width: 414px) 100vw, 414px\" \/><\/a><\/figure>\n\n\n\n<p>Nad liikusid aina k\u00f5rgemale \u2013 Alma, Elionora ja p\u00e4ikesekiir \u2013, nagu jalutaksid rahulikult, ainult nad ei k\u00f5ndinud, vaid lendasid. Lendasid! Algul puulatvade, seej\u00e4rel taeva poole.<\/p>\n\n\n\n<p>Alma Freng on tavaline t\u00fcdruk. Kuni ilmub v\u00e4lja vanaema, kellest ta varem midagi ei teadnud. Vanaema s\u00f5nul on Alma p\u00e4ikesep\u00fc\u00fcdja ja tal tuleb \u00f5ppida lendama.<\/p>\n\n\n\n<p>\u201eAlma Freng ja p\u00e4ikesep\u00fc\u00fcdjad\u201c on maagiline lugu vaprusest, k\u00e4ttemaksust, ebatavalisest s\u00f5prusest ja v\u00f5luv\u00e4est. Ideaalne raamat Harry Potteri austajatele.<\/p>\n\n\n\n<p>Ida Tufte Michelsen (snd 1987) on ajakirjanik ja produtsent. \u201cAlma Freng ja p\u00e4ikesep\u00fc\u00fcdjad\u201d on tema esimene raamat, mis valiti kohe ilmudes parimate Norra lasteraamatute hulka.<\/p>\n\n\n\n<p>V\u00e4ljaandja: Rahva Raamat. T\u00f5lkinud Sigrid Tooming. 300 lk, 20 eurot<\/p>\n","protected":false},"excerpt":{"rendered":"<p>Nad liikusid aina k\u00f5rgemale \u2013 Alma, Elionora ja p\u00e4ikesekiir \u2013, nagu jalutaksid rahulikult, ainult nad ei k\u00f5ndinud, vaid lendasid. Lendasid! Algul puulatvade, seej\u00e4rel taeva poole. Alma Freng on tavaline t\u00fcdruk. Kuni ilmub v\u00e4lja vanaema, kellest ta varem midagi ei teadnud. &hellip; <a href=\"http:\/\/ulme.ee\/veeb\/?p=10759&#038;lang=et\">J\u00e4tka lugemist <span class=\"meta-nav\">&rarr;<\/span><\/a><\/p>\n","protected":false},"author":4,"featured_media":0,"comment_status":"closed","ping_status":"closed","sticky":false,"template":"","format":"standard","meta":{"footnotes":""},"categories":[8],"tags":[],"_links":{"self":[{"href":"http:\/\/ulme.ee\/veeb\/index.php?rest_route=\/wp\/v2\/posts\/10759"}],"collection":[{"href":"http:\/\/ulme.ee\/veeb\/index.php?rest_route=\/wp\/v2\/posts"}],"about":[{"href":"http:\/\/ulme.ee\/veeb\/index.php?rest_route=\/wp\/v2\/types\/post"}],"author":[{"embeddable":true,"href":"http:\/\/ulme.ee\/veeb\/index.php?rest_route=\/wp\/v2\/users\/4"}],"replies":[{"embeddable":true,"href":"http:\/\/ulme.ee\/veeb\/index.php?rest_route=%2Fwp%2Fv2%2Fcomments&post=10759"}],"version-history":[{"count":1,"href":"http:\/\/ulme.ee\/veeb\/index.php?rest_route=\/wp\/v2\/posts\/10759\/revisions"}],"predecessor-version":[{"id":10761,"href":"http:\/\/ulme.ee\/veeb\/index.php?rest_route=\/wp\/v2\/posts\/10759\/revisions\/10761"}],"wp:attachment":[{"href":"http:\/\/ulme.ee\/veeb\/index.php?rest_route=%2Fwp%2Fv2%2Fmedia&parent=10759"}],"wp:term":[{"taxonomy":"category","embeddable":true,"href":"http:\/\/ulme.ee\/veeb\/index.php?rest_route=%2Fwp%2Fv2%2Fcategories&post=10759"},{"taxonomy":"post_tag","embeddable":true,"href":"http:\/\/ulme.ee\/veeb\/index.php?rest_route=%2Fwp%2Fv2%2Ftags&post=10759"}],"curies":[{"name":"wp","href":"https:\/\/api.w.org\/{rel}","templated":true}]}}