{"id":10700,"date":"2022-04-21T09:08:36","date_gmt":"2022-04-21T06:08:36","guid":{"rendered":"http:\/\/ulme.ee\/veeb\/?p=10700"},"modified":"2022-04-21T09:08:38","modified_gmt":"2022-04-21T06:08:38","slug":"alan-lightman-einsteini-unenaod","status":"publish","type":"post","link":"http:\/\/ulme.ee\/veeb\/?p=10700&lang=et","title":{"rendered":"Alan Lightman: Einsteini unen\u00e4od"},"content":{"rendered":"\n<figure class=\"wp-block-image size-large\"><a href=\"http:\/\/ulme.ee\/veeb\/wp-content\/uploads\/2022\/04\/einstein.jpg\"><img loading=\"lazy\" decoding=\"async\" width=\"421\" height=\"600\" src=\"http:\/\/ulme.ee\/veeb\/wp-content\/uploads\/2022\/04\/einstein.jpg\" alt=\"\" class=\"wp-image-10701\" srcset=\"http:\/\/ulme.ee\/veeb\/wp-content\/uploads\/2022\/04\/einstein.jpg 421w, http:\/\/ulme.ee\/veeb\/wp-content\/uploads\/2022\/04\/einstein-211x300.jpg 211w\" sizes=\"(max-width: 421px) 100vw, 421px\" \/><\/a><\/figure>\n\n\n\n<ol start=\"1905\"><li>aastal \u0160veitsi patendiametis t\u00f6\u00f6tav Albert Einstein n\u00e4eb unen\u00e4gusid. Relatiivsusteooria \u2013 t\u00e4iesti uudse ajak\u00e4sitluse \u2013 loomisele p\u00fchendunud noorele geeniusele kangastuvad k\u00f5ikm\u00f5eldavad ulmelised maailmad.<br>Tsirkulaarselt kulgeva ajas\u00fcsteemiga maailmas elatakse igavesti l\u00e4bi samu eba\u00f5nnestumisi ja r\u00f5\u00f5muhetki. Seisva ajaga maailma k\u00fclastavad \u00fcksnes laste k\u00fclge klammerduvad vanemad ja armastajad. Maailmas, kus aeg on \u00f6\u00f6bik, vangistatakse see puhuti klaaskupli alla.<br>T\u00e4nap\u00e4eva kirjandusklassikasse kuuluv rahvusvaheline menuk \u201eEinsteini unen\u00e4od\u201c on kollaa\u017e 30 unen\u00e4olisest loost, milles on p\u00f5imunud t\u00f5siteadus ja fantaasia. See on m\u00f5tisklus ajatunnetuse suhtelisusest, relatiivsusteooria paikapidavust t\u00f5estavatest eluhetkist ning ennek\u00f5ike inimeseks olemise haprusest.                                                                                  Postimehe Kirjastus, t\u00f5lkinud Margit Jaaska, 136 lk.<\/li><\/ol>\n","protected":false},"excerpt":{"rendered":"<p>aastal \u0160veitsi patendiametis t\u00f6\u00f6tav Albert Einstein n\u00e4eb unen\u00e4gusid. Relatiivsusteooria \u2013 t\u00e4iesti uudse ajak\u00e4sitluse \u2013 loomisele p\u00fchendunud noorele geeniusele kangastuvad k\u00f5ikm\u00f5eldavad ulmelised maailmad.Tsirkulaarselt kulgeva ajas\u00fcsteemiga maailmas elatakse igavesti l\u00e4bi samu eba\u00f5nnestumisi ja r\u00f5\u00f5muhetki. Seisva ajaga maailma k\u00fclastavad \u00fcksnes laste k\u00fclge klammerduvad &hellip; <a href=\"http:\/\/ulme.ee\/veeb\/?p=10700&#038;lang=et\">J\u00e4tka lugemist <span class=\"meta-nav\">&rarr;<\/span><\/a><\/p>\n","protected":false},"author":4,"featured_media":0,"comment_status":"closed","ping_status":"closed","sticky":false,"template":"","format":"standard","meta":{"footnotes":""},"categories":[8],"tags":[],"_links":{"self":[{"href":"http:\/\/ulme.ee\/veeb\/index.php?rest_route=\/wp\/v2\/posts\/10700"}],"collection":[{"href":"http:\/\/ulme.ee\/veeb\/index.php?rest_route=\/wp\/v2\/posts"}],"about":[{"href":"http:\/\/ulme.ee\/veeb\/index.php?rest_route=\/wp\/v2\/types\/post"}],"author":[{"embeddable":true,"href":"http:\/\/ulme.ee\/veeb\/index.php?rest_route=\/wp\/v2\/users\/4"}],"replies":[{"embeddable":true,"href":"http:\/\/ulme.ee\/veeb\/index.php?rest_route=%2Fwp%2Fv2%2Fcomments&post=10700"}],"version-history":[{"count":1,"href":"http:\/\/ulme.ee\/veeb\/index.php?rest_route=\/wp\/v2\/posts\/10700\/revisions"}],"predecessor-version":[{"id":10702,"href":"http:\/\/ulme.ee\/veeb\/index.php?rest_route=\/wp\/v2\/posts\/10700\/revisions\/10702"}],"wp:attachment":[{"href":"http:\/\/ulme.ee\/veeb\/index.php?rest_route=%2Fwp%2Fv2%2Fmedia&parent=10700"}],"wp:term":[{"taxonomy":"category","embeddable":true,"href":"http:\/\/ulme.ee\/veeb\/index.php?rest_route=%2Fwp%2Fv2%2Fcategories&post=10700"},{"taxonomy":"post_tag","embeddable":true,"href":"http:\/\/ulme.ee\/veeb\/index.php?rest_route=%2Fwp%2Fv2%2Ftags&post=10700"}],"curies":[{"name":"wp","href":"https:\/\/api.w.org\/{rel}","templated":true}]}}