{"id":10643,"date":"2022-03-14T09:50:53","date_gmt":"2022-03-14T07:50:53","guid":{"rendered":"http:\/\/ulme.ee\/veeb\/?p=10643"},"modified":"2022-03-14T09:50:55","modified_gmt":"2022-03-14T07:50:55","slug":"silvia-moreno-garcia-mehhiko-oudusjutt","status":"publish","type":"post","link":"http:\/\/ulme.ee\/veeb\/?p=10643&lang=et","title":{"rendered":"Silvia Moreno-Garcia: Mehhiko \u00f5udusjutt"},"content":{"rendered":"\n<figure class=\"wp-block-image size-large\"><a href=\"http:\/\/ulme.ee\/veeb\/wp-content\/uploads\/2022\/03\/mehhiko.jpg\"><img loading=\"lazy\" decoding=\"async\" width=\"404\" height=\"600\" src=\"http:\/\/ulme.ee\/veeb\/wp-content\/uploads\/2022\/03\/mehhiko.jpg\" alt=\"\" class=\"wp-image-10644\" srcset=\"http:\/\/ulme.ee\/veeb\/wp-content\/uploads\/2022\/03\/mehhiko.jpg 404w, http:\/\/ulme.ee\/veeb\/wp-content\/uploads\/2022\/03\/mehhiko-202x300.jpg 202w\" sizes=\"(max-width: 404px) 100vw, 404px\" \/><\/a><\/figure>\n\n\n\n<p>Ta p\u00fc\u00fcab mind m\u00fcrgitada. Sa pead siia tulema, Noem\u00ed. Sa pead mind p\u00e4\u00e4stma.<\/p>\n\n\n\n<p>Noem\u00ed Taboada saab segasev\u00f5itu kirja oma hiljuti abiellunud onut\u00fctrelt, kes palub, et teda mingist salap\u00e4rasest hukatusest p\u00e4\u00e4stetaks. Teadmata, mida karta v\u00f5i oodata, s\u00f5idab Noem\u00ed kaugesse maam\u00f5isa, millel nimeks K\u00f5rge Koht. Ta ei tunne onut\u00fctre abikaasat ega tea ka tollest maanurgast \u00f5ieti midagi.<\/p>\n\n\n\n<p>Samuti ei ole ta kellegi p\u00e4\u00e4stja: ta on glamuurne deb\u00fctant, kelle \u0161ikid kleidid ja punane huulepulk sobivad kokteilipidudele, mitte p\u00e4rap\u00f5rgus asuvasse m\u00f5isa. Aga ta on kange ja nutikas, alistamatu tahtej\u00f5uga t\u00fcdruk, kes ei karda kedagi: ei onut\u00fctre \u00fchtaegu ohtlikku ja ahvatlevat meest, ei tolle muldvana patriarhist isa ega maja ennast, kust imbub Noem\u00ed unedesse j\u00f5ledaid n\u00e4gemusi.<\/p>\n\n\n\n<p>Tema ainus liitlane ses ebas\u00f5bralikus paigas on noorem perepoeg. H\u00e4belik ja \u00f5rn, tahab ta Noem\u00edd aidata, kuid ka tema v\u00f5ib varjata oma perekonna s\u00fcngeid saladusi. Langenud K\u00f5rge Koha hirmutava ja peibutava maailma lummusesse, saab Noem\u00ed peagi teada, et sellest m\u00f5istatuslikust majast ei lahku keegi.<\/p>\n\n\n\n<p>Kirjastus Rahva Raamat, t\u00f5lkinud Eve Laur, 368 lk.<\/p>\n","protected":false},"excerpt":{"rendered":"<p>Ta p\u00fc\u00fcab mind m\u00fcrgitada. Sa pead siia tulema, Noem\u00ed. Sa pead mind p\u00e4\u00e4stma. Noem\u00ed Taboada saab segasev\u00f5itu kirja oma hiljuti abiellunud onut\u00fctrelt, kes palub, et teda mingist salap\u00e4rasest hukatusest p\u00e4\u00e4stetaks. Teadmata, mida karta v\u00f5i oodata, s\u00f5idab Noem\u00ed kaugesse maam\u00f5isa, millel &hellip; <a href=\"http:\/\/ulme.ee\/veeb\/?p=10643&#038;lang=et\">J\u00e4tka lugemist <span class=\"meta-nav\">&rarr;<\/span><\/a><\/p>\n","protected":false},"author":4,"featured_media":0,"comment_status":"closed","ping_status":"closed","sticky":false,"template":"","format":"standard","meta":{"footnotes":""},"categories":[8],"tags":[],"_links":{"self":[{"href":"http:\/\/ulme.ee\/veeb\/index.php?rest_route=\/wp\/v2\/posts\/10643"}],"collection":[{"href":"http:\/\/ulme.ee\/veeb\/index.php?rest_route=\/wp\/v2\/posts"}],"about":[{"href":"http:\/\/ulme.ee\/veeb\/index.php?rest_route=\/wp\/v2\/types\/post"}],"author":[{"embeddable":true,"href":"http:\/\/ulme.ee\/veeb\/index.php?rest_route=\/wp\/v2\/users\/4"}],"replies":[{"embeddable":true,"href":"http:\/\/ulme.ee\/veeb\/index.php?rest_route=%2Fwp%2Fv2%2Fcomments&post=10643"}],"version-history":[{"count":1,"href":"http:\/\/ulme.ee\/veeb\/index.php?rest_route=\/wp\/v2\/posts\/10643\/revisions"}],"predecessor-version":[{"id":10645,"href":"http:\/\/ulme.ee\/veeb\/index.php?rest_route=\/wp\/v2\/posts\/10643\/revisions\/10645"}],"wp:attachment":[{"href":"http:\/\/ulme.ee\/veeb\/index.php?rest_route=%2Fwp%2Fv2%2Fmedia&parent=10643"}],"wp:term":[{"taxonomy":"category","embeddable":true,"href":"http:\/\/ulme.ee\/veeb\/index.php?rest_route=%2Fwp%2Fv2%2Fcategories&post=10643"},{"taxonomy":"post_tag","embeddable":true,"href":"http:\/\/ulme.ee\/veeb\/index.php?rest_route=%2Fwp%2Fv2%2Ftags&post=10643"}],"curies":[{"name":"wp","href":"https:\/\/api.w.org\/{rel}","templated":true}]}}