{"id":10640,"date":"2022-03-14T09:45:49","date_gmt":"2022-03-14T07:45:49","guid":{"rendered":"http:\/\/ulme.ee\/veeb\/?p=10640"},"modified":"2022-03-14T09:45:50","modified_gmt":"2022-03-14T07:45:50","slug":"jean-raspail-puhakute-laager","status":"publish","type":"post","link":"http:\/\/ulme.ee\/veeb\/?p=10640&lang=et","title":{"rendered":"Jean Raspail: P\u00fchakute laager"},"content":{"rendered":"\n<figure class=\"wp-block-image size-large\"><a href=\"http:\/\/ulme.ee\/veeb\/wp-content\/uploads\/2022\/03\/puhakud.jpg\"><img loading=\"lazy\" decoding=\"async\" width=\"397\" height=\"600\" src=\"http:\/\/ulme.ee\/veeb\/wp-content\/uploads\/2022\/03\/puhakud.jpg\" alt=\"\" class=\"wp-image-10641\" srcset=\"http:\/\/ulme.ee\/veeb\/wp-content\/uploads\/2022\/03\/puhakud.jpg 397w, http:\/\/ulme.ee\/veeb\/wp-content\/uploads\/2022\/03\/puhakud-199x300.jpg 199w\" sizes=\"(max-width: 397px) 100vw, 397px\" \/><\/a><\/figure>\n\n\n\n<p>\u00dchel \u00f6\u00f6l s\u00f5idab L\u00f5una-Prantsusmaal madalikule sada laeva, pardal miljon immigranti. Nad on tulnud otsima lootust. Nad tekitavad haletsust. Nad on vaesed. Nad on harimatud \u2026 Nende j\u00f5uks on nende arvukus. Nad on \u201eTeine\u201c ehk rahvamurd, selle avangard. Nende teekonda on j\u00e4lgitud nii \u00e4revuse, \u00fcksk\u00f5iksuse kui ka joovastusega, \u00fcleilmse s\u00fcdametunnistuse igal tasemel on esitatud endale k\u00fcsimusi: mida teha? Kes teeb? Kas me julgeme? Ent on juba hilja. \u201eP\u00fchakute laager\u201c (Le Camp des Saints) on 1973. aastal ilmunud prantsuse d\u00fcstoopiline romaan, mille autor on kirjanik ja maadeuurija Jean Raspail (1925\u20132020). See v\u00e4ljam\u00f5eldud lugu kujutab L\u00e4\u00e4ne tsivilisatsiooni h\u00e4vitamist Kolmanda Maailma massiimmigratsiooni kaudu. Olgu lugeja poliitilised veendumused millised tahes, see romaan nii h\u00e4irib, provotseerib kui ka hirmutab. 2011. aastal, peaaegu nelik\u00fcmmend aastat p\u00e4rast esmatr\u00fckki, j\u00f5udis teos taas maailma enimm\u00fc\u00fcdud raamatute nimekirja. 1973. aastal esmakordselt ilmunud romaan \u201eP\u00fchakute laager\u201d on 2011. aastal reaalsus. Me oleme k\u00f5ik \u201eP\u00fchakute laagri\u201c osalised.<\/p>\n\n\n\n<p>Kirjastus Eesti raamat, t\u00f5lkinud Kaja Riesen, 344 lk.<\/p>\n","protected":false},"excerpt":{"rendered":"<p>\u00dchel \u00f6\u00f6l s\u00f5idab L\u00f5una-Prantsusmaal madalikule sada laeva, pardal miljon immigranti. Nad on tulnud otsima lootust. Nad tekitavad haletsust. Nad on vaesed. Nad on harimatud \u2026 Nende j\u00f5uks on nende arvukus. Nad on \u201eTeine\u201c ehk rahvamurd, selle avangard. Nende teekonda on &hellip; <a href=\"http:\/\/ulme.ee\/veeb\/?p=10640&#038;lang=et\">J\u00e4tka lugemist <span class=\"meta-nav\">&rarr;<\/span><\/a><\/p>\n","protected":false},"author":4,"featured_media":0,"comment_status":"closed","ping_status":"closed","sticky":false,"template":"","format":"standard","meta":{"footnotes":""},"categories":[8],"tags":[],"_links":{"self":[{"href":"http:\/\/ulme.ee\/veeb\/index.php?rest_route=\/wp\/v2\/posts\/10640"}],"collection":[{"href":"http:\/\/ulme.ee\/veeb\/index.php?rest_route=\/wp\/v2\/posts"}],"about":[{"href":"http:\/\/ulme.ee\/veeb\/index.php?rest_route=\/wp\/v2\/types\/post"}],"author":[{"embeddable":true,"href":"http:\/\/ulme.ee\/veeb\/index.php?rest_route=\/wp\/v2\/users\/4"}],"replies":[{"embeddable":true,"href":"http:\/\/ulme.ee\/veeb\/index.php?rest_route=%2Fwp%2Fv2%2Fcomments&post=10640"}],"version-history":[{"count":1,"href":"http:\/\/ulme.ee\/veeb\/index.php?rest_route=\/wp\/v2\/posts\/10640\/revisions"}],"predecessor-version":[{"id":10642,"href":"http:\/\/ulme.ee\/veeb\/index.php?rest_route=\/wp\/v2\/posts\/10640\/revisions\/10642"}],"wp:attachment":[{"href":"http:\/\/ulme.ee\/veeb\/index.php?rest_route=%2Fwp%2Fv2%2Fmedia&parent=10640"}],"wp:term":[{"taxonomy":"category","embeddable":true,"href":"http:\/\/ulme.ee\/veeb\/index.php?rest_route=%2Fwp%2Fv2%2Fcategories&post=10640"},{"taxonomy":"post_tag","embeddable":true,"href":"http:\/\/ulme.ee\/veeb\/index.php?rest_route=%2Fwp%2Fv2%2Ftags&post=10640"}],"curies":[{"name":"wp","href":"https:\/\/api.w.org\/{rel}","templated":true}]}}