{"id":10637,"date":"2022-03-11T13:51:35","date_gmt":"2022-03-11T11:51:35","guid":{"rendered":"http:\/\/ulme.ee\/veeb\/?p=10637"},"modified":"2022-03-11T13:51:36","modified_gmt":"2022-03-11T11:51:36","slug":"johannes-kivipold-deus-ex-machina","status":"publish","type":"post","link":"http:\/\/ulme.ee\/veeb\/?p=10637&lang=et","title":{"rendered":"Johannes Kivip\u00f5ld: Deus ex machina"},"content":{"rendered":"\n<figure class=\"wp-block-image size-large\"><a href=\"http:\/\/ulme.ee\/veeb\/wp-content\/uploads\/2022\/03\/deus.jpg\"><img loading=\"lazy\" decoding=\"async\" width=\"399\" height=\"600\" src=\"http:\/\/ulme.ee\/veeb\/wp-content\/uploads\/2022\/03\/deus.jpg\" alt=\"\" class=\"wp-image-10638\" srcset=\"http:\/\/ulme.ee\/veeb\/wp-content\/uploads\/2022\/03\/deus.jpg 399w, http:\/\/ulme.ee\/veeb\/wp-content\/uploads\/2022\/03\/deus-200x300.jpg 200w\" sizes=\"(max-width: 399px) 100vw, 399px\" \/><\/a><\/figure>\n\n\n\n<p>Politseianal\u00fc\u00fctik Erik on sobiv mutrike suureks m\u00e4nguks. Kogu ta elu on kantud riiklikesse andmebaasidesse ja ta ise k\u00e4itub pea alati ettearvatavalt. Ta ei viitsi pingutada, v\u00f5imaluse korral valib mugavama \u00e4raolemise ja j\u00e4tab suuremad v\u00f5itlused teistele. Ning talle l\u00e4heb v\u00e4ga korda, mis teised temast arvavad. Vabakutseline ajakirjanik Stella seevastu on justkui liivatera muidu \u00f5litatult t\u00f6\u00f6tavas kellav\u00e4rgis. Ta on v\u00e4ikesest peale eelistanud p\u00fcsida varjus ja igasugu vanden\u00f5ude kartuses oma j\u00e4lgi hoolega peitnud. N\u00fc\u00fcd aga on sellel l\u00f5pp. Olles pooleldi vastu tahtmist saanud inimluure agendiks, peab Erik sulanduma \u00fche sekti \u2013 tehisintellekti loomisega tegeleva J\u00e4rgmise Sammu \u2013 liikmete sekka. Stellale aga kukub s\u00fclle kummaline m\u00f5rvajuhtum, millesse n\u00e4ivad olevat segatud ka k\u00f5rged ametiisikud. Kui tagatipuks hakkab inimkonda veel \u00e4hvardama tundmatu oht kosmosest, on t\u00f5epoolest aeg astuda j\u00e4rgmine samm. Riigijuhid otsustavad abi paluda k\u00f5ige targemalt \u2013 tehisintellektilt. Aga kes on selles m\u00e4ngus tegelik niidit\u00f5mbaja ja kas j\u00e4rgmine samm viib edasi v\u00f5i hoopis tagasi? Siinses ulmep\u00f5nevikus arutleb Johannes Kivip\u00f5ld k\u00fcsimuse \u00fcle, kas ja kuidas on inimestel v\u00f5imalik tehisintellekti enda kontrolli all hoida.<\/p>\n\n\n\n<p>Kirjastus Eesti Raamat, 306 lk.<\/p>\n","protected":false},"excerpt":{"rendered":"<p>Politseianal\u00fc\u00fctik Erik on sobiv mutrike suureks m\u00e4nguks. Kogu ta elu on kantud riiklikesse andmebaasidesse ja ta ise k\u00e4itub pea alati ettearvatavalt. Ta ei viitsi pingutada, v\u00f5imaluse korral valib mugavama \u00e4raolemise ja j\u00e4tab suuremad v\u00f5itlused teistele. Ning talle l\u00e4heb v\u00e4ga korda, &hellip; <a href=\"http:\/\/ulme.ee\/veeb\/?p=10637&#038;lang=et\">J\u00e4tka lugemist <span class=\"meta-nav\">&rarr;<\/span><\/a><\/p>\n","protected":false},"author":4,"featured_media":0,"comment_status":"closed","ping_status":"closed","sticky":false,"template":"","format":"standard","meta":{"footnotes":""},"categories":[8],"tags":[],"_links":{"self":[{"href":"http:\/\/ulme.ee\/veeb\/index.php?rest_route=\/wp\/v2\/posts\/10637"}],"collection":[{"href":"http:\/\/ulme.ee\/veeb\/index.php?rest_route=\/wp\/v2\/posts"}],"about":[{"href":"http:\/\/ulme.ee\/veeb\/index.php?rest_route=\/wp\/v2\/types\/post"}],"author":[{"embeddable":true,"href":"http:\/\/ulme.ee\/veeb\/index.php?rest_route=\/wp\/v2\/users\/4"}],"replies":[{"embeddable":true,"href":"http:\/\/ulme.ee\/veeb\/index.php?rest_route=%2Fwp%2Fv2%2Fcomments&post=10637"}],"version-history":[{"count":1,"href":"http:\/\/ulme.ee\/veeb\/index.php?rest_route=\/wp\/v2\/posts\/10637\/revisions"}],"predecessor-version":[{"id":10639,"href":"http:\/\/ulme.ee\/veeb\/index.php?rest_route=\/wp\/v2\/posts\/10637\/revisions\/10639"}],"wp:attachment":[{"href":"http:\/\/ulme.ee\/veeb\/index.php?rest_route=%2Fwp%2Fv2%2Fmedia&parent=10637"}],"wp:term":[{"taxonomy":"category","embeddable":true,"href":"http:\/\/ulme.ee\/veeb\/index.php?rest_route=%2Fwp%2Fv2%2Fcategories&post=10637"},{"taxonomy":"post_tag","embeddable":true,"href":"http:\/\/ulme.ee\/veeb\/index.php?rest_route=%2Fwp%2Fv2%2Ftags&post=10637"}],"curies":[{"name":"wp","href":"https:\/\/api.w.org\/{rel}","templated":true}]}}