{"id":10597,"date":"2022-01-17T09:35:11","date_gmt":"2022-01-17T07:35:11","guid":{"rendered":"http:\/\/ulme.ee\/veeb\/?p=10597"},"modified":"2022-01-17T09:35:13","modified_gmt":"2022-01-17T07:35:13","slug":"inga-roos-manaja","status":"publish","type":"post","link":"http:\/\/ulme.ee\/veeb\/?p=10597&lang=et","title":{"rendered":"Inga Roos: Manaja"},"content":{"rendered":"\n<figure class=\"wp-block-image size-large\"><a href=\"http:\/\/ulme.ee\/veeb\/wp-content\/uploads\/2022\/01\/manaja.jpg\"><img loading=\"lazy\" decoding=\"async\" width=\"455\" height=\"600\" src=\"http:\/\/ulme.ee\/veeb\/wp-content\/uploads\/2022\/01\/manaja.jpg\" alt=\"\" class=\"wp-image-10598\" srcset=\"http:\/\/ulme.ee\/veeb\/wp-content\/uploads\/2022\/01\/manaja.jpg 455w, http:\/\/ulme.ee\/veeb\/wp-content\/uploads\/2022\/01\/manaja-228x300.jpg 228w\" sizes=\"(max-width: 455px) 100vw, 455px\" \/><\/a><\/figure>\n\n\n\n<p>\u201eKes sa oled?\u201c uudishimutsesin, \u201epolitseinik, vaimulik v\u00f5i Dalai Lama vol 2?\u201c \u201eMa ei tea,\u201c vastas ta muretult naeratades ning j\u00e4tkas, \u201colen ehk m\u00e4ngur. Mulle tundub, et mida enam oleme millelegi spetsialiseerunud, midagi s\u00fcvitsi omandanud v\u00f5i millegi suunas liikunud, seda t\u00f5sikindlamini oleme neisse lugudesse kiindunud. Meie suurimaks kiindumuseks ja s\u00fcmpaatiaks on kahtlemata mina-lugu, millega samastume k\u00f5ige ennastunustavamalt. Ja kiindumus sellesse loosse, mis minevikku jutustava loona vormib meie hoiakuid ja uskumusi, hakkame seda ekslikult pidama enda identiteediks. Sellest kantud \u00e4ratundmised vermuvad meie valikute kaudu tulevikuks ja see on see, mida kogeme olevikuna t\u00e4na. Armununa loosse, mida enda kohta tahame n\u00e4ha ja mida loodame, et ka teised meie suhtes n\u00e4evad, oleme j\u00f5ule k\u00e4ttesaamatud, ent kaasinimestele m\u00e4ngukannid.\u201c<br>Romaan Manaja r\u00e4\u00e4gib vahetult elust, kui m\u00e4ngust ajajoonte vahel, kus unistused on pelgalt m\u00e4lestused meie endi tulevikust ning deemonid pesitsevad kahe k\u00f5rva vahel. K\u00e4esoleva futuristliku teose eesm\u00e4rk on s\u00fcnnitada m\u00f5ttem\u00f5lgutus ning hetkeks raputada paigast stagneerunud maailmapilt.<\/p>\n\n\n\n<p>Kirjastus Hea Tegu, 312 lk.<\/p>\n","protected":false},"excerpt":{"rendered":"<p>\u201eKes sa oled?\u201c uudishimutsesin, \u201epolitseinik, vaimulik v\u00f5i Dalai Lama vol 2?\u201c \u201eMa ei tea,\u201c vastas ta muretult naeratades ning j\u00e4tkas, \u201colen ehk m\u00e4ngur. Mulle tundub, et mida enam oleme millelegi spetsialiseerunud, midagi s\u00fcvitsi omandanud v\u00f5i millegi suunas liikunud, seda t\u00f5sikindlamini &hellip; <a href=\"http:\/\/ulme.ee\/veeb\/?p=10597&#038;lang=et\">J\u00e4tka lugemist <span class=\"meta-nav\">&rarr;<\/span><\/a><\/p>\n","protected":false},"author":4,"featured_media":0,"comment_status":"closed","ping_status":"closed","sticky":false,"template":"","format":"standard","meta":{"footnotes":""},"categories":[8],"tags":[],"_links":{"self":[{"href":"http:\/\/ulme.ee\/veeb\/index.php?rest_route=\/wp\/v2\/posts\/10597"}],"collection":[{"href":"http:\/\/ulme.ee\/veeb\/index.php?rest_route=\/wp\/v2\/posts"}],"about":[{"href":"http:\/\/ulme.ee\/veeb\/index.php?rest_route=\/wp\/v2\/types\/post"}],"author":[{"embeddable":true,"href":"http:\/\/ulme.ee\/veeb\/index.php?rest_route=\/wp\/v2\/users\/4"}],"replies":[{"embeddable":true,"href":"http:\/\/ulme.ee\/veeb\/index.php?rest_route=%2Fwp%2Fv2%2Fcomments&post=10597"}],"version-history":[{"count":1,"href":"http:\/\/ulme.ee\/veeb\/index.php?rest_route=\/wp\/v2\/posts\/10597\/revisions"}],"predecessor-version":[{"id":10599,"href":"http:\/\/ulme.ee\/veeb\/index.php?rest_route=\/wp\/v2\/posts\/10597\/revisions\/10599"}],"wp:attachment":[{"href":"http:\/\/ulme.ee\/veeb\/index.php?rest_route=%2Fwp%2Fv2%2Fmedia&parent=10597"}],"wp:term":[{"taxonomy":"category","embeddable":true,"href":"http:\/\/ulme.ee\/veeb\/index.php?rest_route=%2Fwp%2Fv2%2Fcategories&post=10597"},{"taxonomy":"post_tag","embeddable":true,"href":"http:\/\/ulme.ee\/veeb\/index.php?rest_route=%2Fwp%2Fv2%2Ftags&post=10597"}],"curies":[{"name":"wp","href":"https:\/\/api.w.org\/{rel}","templated":true}]}}