{"id":10573,"date":"2021-12-28T14:19:25","date_gmt":"2021-12-28T12:19:25","guid":{"rendered":"http:\/\/ulme.ee\/veeb\/?p=10573"},"modified":"2021-12-28T14:19:26","modified_gmt":"2021-12-28T12:19:26","slug":"jevgeni-zamjatin-meie","status":"publish","type":"post","link":"http:\/\/ulme.ee\/veeb\/?p=10573&lang=et","title":{"rendered":"Jevgeni Zamjatin: Meie"},"content":{"rendered":"\n<figure class=\"wp-block-image size-large\"><a href=\"http:\/\/ulme.ee\/veeb\/wp-content\/uploads\/2021\/12\/meie.jpg\"><img loading=\"lazy\" decoding=\"async\" width=\"416\" height=\"600\" src=\"http:\/\/ulme.ee\/veeb\/wp-content\/uploads\/2021\/12\/meie.jpg\" alt=\"\" class=\"wp-image-10574\" srcset=\"http:\/\/ulme.ee\/veeb\/wp-content\/uploads\/2021\/12\/meie.jpg 416w, http:\/\/ulme.ee\/veeb\/wp-content\/uploads\/2021\/12\/meie-208x300.jpg 208w\" sizes=\"(max-width: 416px) 100vw, 416px\" \/><\/a><\/figure>\n\n\n\n<ol start=\"26\"><li>sajandi \u00dchtne Riik on \u00fcles ehitatud ratsionaalsusele ja korrale. Klaaslinnas, mida juhib k\u00f5ikv\u00f5imas Heategija, puuduvad isiklikud vabadused ja nimede asemel on inimestel numbrid. Kaotatud on primitiivsed instinktid, kirg ja loovus. Isegi loodus on surutud linnast v\u00e4lja, Rohelise M\u00fc\u00fcri taha. Ent oma \u00f5uduseks avastab p\u00e4evikuvormis romaani peategelane D-503, et tunneb endas t\u00e4rkamas k\u00f5ige ebaloogilisemat ja keelatumat emotsiooni \u2013 armastust.<\/li><\/ol>\n\n\n\n<p>Jevgeni Zamjatini (1884\u20131937) haarav ulmeteos pani aluse d\u00fcstoopiaromaani \u017eanrile ja oli suureks inspiratsiooniks George Orwelli raamatule \u201e1984\u201c. 1921. aastal kirjutatud romaan avaldati k\u00f5igepealt New Yorgis ingliskeelses t\u00f5lkes (1924) ja selle t\u00e4ielik venekeelne tekst alles aastal 1952 samas linnas. J\u00e4rels\u00f5na on kirjutanud David Vseviov. Romaan oli kunagises N\u00f5ukogude Liidus keelu all.<\/p>\n\n\n\n<p>Kirjastus Rahva Raamat, t\u00f5lkinud Maiga Varik, 240 lk<\/p>\n","protected":false},"excerpt":{"rendered":"<p>sajandi \u00dchtne Riik on \u00fcles ehitatud ratsionaalsusele ja korrale. Klaaslinnas, mida juhib k\u00f5ikv\u00f5imas Heategija, puuduvad isiklikud vabadused ja nimede asemel on inimestel numbrid. Kaotatud on primitiivsed instinktid, kirg ja loovus. Isegi loodus on surutud linnast v\u00e4lja, Rohelise M\u00fc\u00fcri taha. Ent &hellip; <a href=\"http:\/\/ulme.ee\/veeb\/?p=10573&#038;lang=et\">J\u00e4tka lugemist <span class=\"meta-nav\">&rarr;<\/span><\/a><\/p>\n","protected":false},"author":4,"featured_media":0,"comment_status":"closed","ping_status":"closed","sticky":false,"template":"","format":"standard","meta":{"footnotes":""},"categories":[8],"tags":[],"_links":{"self":[{"href":"http:\/\/ulme.ee\/veeb\/index.php?rest_route=\/wp\/v2\/posts\/10573"}],"collection":[{"href":"http:\/\/ulme.ee\/veeb\/index.php?rest_route=\/wp\/v2\/posts"}],"about":[{"href":"http:\/\/ulme.ee\/veeb\/index.php?rest_route=\/wp\/v2\/types\/post"}],"author":[{"embeddable":true,"href":"http:\/\/ulme.ee\/veeb\/index.php?rest_route=\/wp\/v2\/users\/4"}],"replies":[{"embeddable":true,"href":"http:\/\/ulme.ee\/veeb\/index.php?rest_route=%2Fwp%2Fv2%2Fcomments&post=10573"}],"version-history":[{"count":1,"href":"http:\/\/ulme.ee\/veeb\/index.php?rest_route=\/wp\/v2\/posts\/10573\/revisions"}],"predecessor-version":[{"id":10575,"href":"http:\/\/ulme.ee\/veeb\/index.php?rest_route=\/wp\/v2\/posts\/10573\/revisions\/10575"}],"wp:attachment":[{"href":"http:\/\/ulme.ee\/veeb\/index.php?rest_route=%2Fwp%2Fv2%2Fmedia&parent=10573"}],"wp:term":[{"taxonomy":"category","embeddable":true,"href":"http:\/\/ulme.ee\/veeb\/index.php?rest_route=%2Fwp%2Fv2%2Fcategories&post=10573"},{"taxonomy":"post_tag","embeddable":true,"href":"http:\/\/ulme.ee\/veeb\/index.php?rest_route=%2Fwp%2Fv2%2Ftags&post=10573"}],"curies":[{"name":"wp","href":"https:\/\/api.w.org\/{rel}","templated":true}]}}