{"id":10472,"date":"2021-09-17T13:05:55","date_gmt":"2021-09-17T10:05:55","guid":{"rendered":"http:\/\/ulme.ee\/veeb\/?p=10472"},"modified":"2021-09-17T13:05:56","modified_gmt":"2021-09-17T10:05:56","slug":"harry-potteri-maagiline-aasta","status":"publish","type":"post","link":"http:\/\/ulme.ee\/veeb\/?p=10472&lang=et","title":{"rendered":"Harry Potteri maagiline aasta"},"content":{"rendered":"\n<figure class=\"wp-block-image size-large\"><a href=\"http:\/\/ulme.ee\/veeb\/wp-content\/uploads\/2021\/09\/harry.jpg\"><img loading=\"lazy\" decoding=\"async\" width=\"504\" height=\"600\" src=\"http:\/\/ulme.ee\/veeb\/wp-content\/uploads\/2021\/09\/harry.jpg\" alt=\"\" class=\"wp-image-10473\" srcset=\"http:\/\/ulme.ee\/veeb\/wp-content\/uploads\/2021\/09\/harry.jpg 504w, http:\/\/ulme.ee\/veeb\/wp-content\/uploads\/2021\/09\/harry-252x300.jpg 252w\" sizes=\"(max-width: 504px) 100vw, 504px\" \/><\/a><\/figure>\n\n\n\n<p>Lase Jim Kayl viia end maagilisele reisile \u2026<\/p>\n\n\n\n<p><strong>J.K. Rowlingu <\/strong>armastatud <strong>Harry Potteri <\/strong>romaanide v\u00e4ljaanded <strong>Jim Kay illustratsioonidega<\/strong> on v\u00f5lunud tervet p\u00f5lvkonda. See suurep\u00e4rane pilgeni maagiat t\u00e4is k\u00f6ide \u00fchendab valiku tema ikoonilistest illustratsioonidest \u2013 sealhulgas ka ettevalmistavad visandid ja joonistused, mida pole varem n\u00e4htud \u2013 366 unustamatu tsitaadiga raamatusarjast. J\u00e4lgi, kuidas vahetuvad aastaajad, t\u00e4hista aastap\u00e4evi ja saa taas kokku lemmiktegelastega, kui Jim Kay v\u00f5rratu v\u00f5lukunst manab v\u00e4rvi, pliiatsi ja pikslitega esile maagilise aasta Sigat\u00fc\u00fckas.<\/p>\n\n\n\n<p>Kirjastus Varrak. T\u00f5lkinud Krista ja Kaisa Kaer. 240 lk, 28 eurot<\/p>\n","protected":false},"excerpt":{"rendered":"<p>Lase Jim Kayl viia end maagilisele reisile \u2026 J.K. Rowlingu armastatud Harry Potteri romaanide v\u00e4ljaanded Jim Kay illustratsioonidega on v\u00f5lunud tervet p\u00f5lvkonda. See suurep\u00e4rane pilgeni maagiat t\u00e4is k\u00f6ide \u00fchendab valiku tema ikoonilistest illustratsioonidest \u2013 sealhulgas ka ettevalmistavad visandid ja joonistused, &hellip; <a href=\"http:\/\/ulme.ee\/veeb\/?p=10472&#038;lang=et\">J\u00e4tka lugemist <span class=\"meta-nav\">&rarr;<\/span><\/a><\/p>\n","protected":false},"author":4,"featured_media":0,"comment_status":"closed","ping_status":"closed","sticky":false,"template":"","format":"standard","meta":{"footnotes":""},"categories":[8],"tags":[],"_links":{"self":[{"href":"http:\/\/ulme.ee\/veeb\/index.php?rest_route=\/wp\/v2\/posts\/10472"}],"collection":[{"href":"http:\/\/ulme.ee\/veeb\/index.php?rest_route=\/wp\/v2\/posts"}],"about":[{"href":"http:\/\/ulme.ee\/veeb\/index.php?rest_route=\/wp\/v2\/types\/post"}],"author":[{"embeddable":true,"href":"http:\/\/ulme.ee\/veeb\/index.php?rest_route=\/wp\/v2\/users\/4"}],"replies":[{"embeddable":true,"href":"http:\/\/ulme.ee\/veeb\/index.php?rest_route=%2Fwp%2Fv2%2Fcomments&post=10472"}],"version-history":[{"count":1,"href":"http:\/\/ulme.ee\/veeb\/index.php?rest_route=\/wp\/v2\/posts\/10472\/revisions"}],"predecessor-version":[{"id":10474,"href":"http:\/\/ulme.ee\/veeb\/index.php?rest_route=\/wp\/v2\/posts\/10472\/revisions\/10474"}],"wp:attachment":[{"href":"http:\/\/ulme.ee\/veeb\/index.php?rest_route=%2Fwp%2Fv2%2Fmedia&parent=10472"}],"wp:term":[{"taxonomy":"category","embeddable":true,"href":"http:\/\/ulme.ee\/veeb\/index.php?rest_route=%2Fwp%2Fv2%2Fcategories&post=10472"},{"taxonomy":"post_tag","embeddable":true,"href":"http:\/\/ulme.ee\/veeb\/index.php?rest_route=%2Fwp%2Fv2%2Ftags&post=10472"}],"curies":[{"name":"wp","href":"https:\/\/api.w.org\/{rel}","templated":true}]}}