{"id":10119,"date":"2020-12-10T09:02:04","date_gmt":"2020-12-10T07:02:04","guid":{"rendered":"http:\/\/ulme.ee\/veeb\/?p=10119"},"modified":"2020-12-10T09:02:06","modified_gmt":"2020-12-10T07:02:06","slug":"andrei-beljanin-lendav-laev","status":"publish","type":"post","link":"http:\/\/ulme.ee\/veeb\/?p=10119&lang=et","title":{"rendered":"Andrei Beljanin: Lendav laev"},"content":{"rendered":"\n<div class=\"wp-block-image\"><figure class=\"alignleft\"><img loading=\"lazy\" decoding=\"async\" width=\"273\" height=\"411\" src=\"http:\/\/ulme.ee\/veeb\/wp-content\/uploads\/2020\/12\/lendav-laev.jpg\" alt=\"\" class=\"wp-image-10120\" srcset=\"http:\/\/ulme.ee\/veeb\/wp-content\/uploads\/2020\/12\/lendav-laev.jpg 273w, http:\/\/ulme.ee\/veeb\/wp-content\/uploads\/2020\/12\/lendav-laev-199x300.jpg 199w\" sizes=\"(max-width: 273px) 100vw, 273px\" \/><\/figure><\/div>\n\n\n\n<p>See on kolmas lugu noorukese Moskva \nmilitsion\u00e4\u00e4ri Nikita Iva\u0161ovi tegemistest paralleelmaailmas, mis n\u00e4eb \nv\u00e4lja nagu elustunud vene muinasjutud. (Sattus ta sinna imelihtsalt \u2013 \nlaskus \u00fchel p\u00e4eval suvalises k\u00fclakeses keldrisse ja avastas end hoopis \nBaba Jagaa elamise alt&#8230;)<\/p>\n\n\n\n<p>K\u00f5igepealt,\n nagu ikka, on ta h\u00e4das kukega, kes \u00e4ratuskellana on k\u00fcll efektiivne, \nkuid kipub \u00fctlemata vara une rikkuma. Ja Baba Jagaa, kohaliku \nmiilitsajaoskonna agar ja asendamatu kaast\u00f6\u00f6line, r\u00e4\u00e4gib, et \npoissmehep\u00f5li ei ole ikka \u00f5ige&#8230; Ja siis kutsutakse Nikita lossi \u2013 \nkadunud on olulised joonised.<\/p>\n\n\n\n<p>Nagu ikka, selgub uurimise k\u00e4igus, et k\u00f5ik on palju keerulisem, kui alguses paistis, ja kaalul on v\u00e4hemalt maailma saatus.<\/p>\n\n\n\n<p>Kirjastus Fantaasia, t\u00f5lkinud Tatjana Peetersoo ja Veiko Belials<\/p>\n\n\n\n<p>192 lk, 25 eurot<\/p>\n","protected":false},"excerpt":{"rendered":"<p>See on kolmas lugu noorukese Moskva militsion\u00e4\u00e4ri Nikita Iva\u0161ovi tegemistest paralleelmaailmas, mis n\u00e4eb v\u00e4lja nagu elustunud vene muinasjutud. (Sattus ta sinna imelihtsalt \u2013 laskus \u00fchel p\u00e4eval suvalises k\u00fclakeses keldrisse ja avastas end hoopis Baba Jagaa elamise alt&#8230;) K\u00f5igepealt, nagu ikka, &hellip; <a href=\"http:\/\/ulme.ee\/veeb\/?p=10119&#038;lang=et\">J\u00e4tka lugemist <span class=\"meta-nav\">&rarr;<\/span><\/a><\/p>\n","protected":false},"author":4,"featured_media":0,"comment_status":"closed","ping_status":"closed","sticky":false,"template":"","format":"standard","meta":{"footnotes":""},"categories":[8],"tags":[],"_links":{"self":[{"href":"http:\/\/ulme.ee\/veeb\/index.php?rest_route=\/wp\/v2\/posts\/10119"}],"collection":[{"href":"http:\/\/ulme.ee\/veeb\/index.php?rest_route=\/wp\/v2\/posts"}],"about":[{"href":"http:\/\/ulme.ee\/veeb\/index.php?rest_route=\/wp\/v2\/types\/post"}],"author":[{"embeddable":true,"href":"http:\/\/ulme.ee\/veeb\/index.php?rest_route=\/wp\/v2\/users\/4"}],"replies":[{"embeddable":true,"href":"http:\/\/ulme.ee\/veeb\/index.php?rest_route=%2Fwp%2Fv2%2Fcomments&post=10119"}],"version-history":[{"count":1,"href":"http:\/\/ulme.ee\/veeb\/index.php?rest_route=\/wp\/v2\/posts\/10119\/revisions"}],"predecessor-version":[{"id":10121,"href":"http:\/\/ulme.ee\/veeb\/index.php?rest_route=\/wp\/v2\/posts\/10119\/revisions\/10121"}],"wp:attachment":[{"href":"http:\/\/ulme.ee\/veeb\/index.php?rest_route=%2Fwp%2Fv2%2Fmedia&parent=10119"}],"wp:term":[{"taxonomy":"category","embeddable":true,"href":"http:\/\/ulme.ee\/veeb\/index.php?rest_route=%2Fwp%2Fv2%2Fcategories&post=10119"},{"taxonomy":"post_tag","embeddable":true,"href":"http:\/\/ulme.ee\/veeb\/index.php?rest_route=%2Fwp%2Fv2%2Ftags&post=10119"}],"curies":[{"name":"wp","href":"https:\/\/api.w.org\/{rel}","templated":true}]}}