{"id":10023,"date":"2020-09-16T09:27:03","date_gmt":"2020-09-16T06:27:03","guid":{"rendered":"http:\/\/ulme.ee\/veeb\/?p=10023"},"modified":"2020-09-16T09:27:04","modified_gmt":"2020-09-16T06:27:04","slug":"meelis-friedenthal-koik-aratatakse-ellu","status":"publish","type":"post","link":"http:\/\/ulme.ee\/veeb\/?p=10023&lang=et","title":{"rendered":"Meelis Friedenthal: K\u00f5ik \u00e4ratatakse ellu"},"content":{"rendered":"\n<div class=\"wp-block-image\"><figure class=\"alignleft\"><img loading=\"lazy\" decoding=\"async\" width=\"346\" height=\"600\" src=\"http:\/\/ulme.ee\/veeb\/wp-content\/uploads\/2020\/09\/meelis.jpg\" alt=\"\" class=\"wp-image-10024\" srcset=\"http:\/\/ulme.ee\/veeb\/wp-content\/uploads\/2020\/09\/meelis.jpg 346w, http:\/\/ulme.ee\/veeb\/wp-content\/uploads\/2020\/09\/meelis-173x300.jpg 173w\" sizes=\"(max-width: 346px) 100vw, 346px\" \/><\/figure><\/div>\n\n\n\n<p>Meelis Friedenthali jutukogumikus on lugusid v\u00f5\u00f5rastest jumalatest,  \u00fckssarvikutest ja lohedest, raamatutr\u00fckkalitest, kuraditest ja  munkadest, kassidest ja n\u00e4ljast, vere\u00fclekandest ja revolutsioonist,  n\u00f5iakettast ja kivististest, rebastest, inglitest, kontidest ja  arheoloogiast, s\u00f5jast, surnutest ja \u00fclest\u00f5usmisest. Need lood on sageli  ulmelised, vahel olmelised, tihti ajaloolised ja m\u00f5nikord liiguvad  unen\u00e4o ja reaalsuse piiril. Peamiselt r\u00e4\u00e4givad k\u00f5ik jutud siiski  inimestest, nende soovidest, lootustest ja valikutest \u2013 asjadest, mis  meid \u00fcldse inimesteks teevad. <br><br> Lood on kirjutatud vahemikus 2001 kuni 2020 ja koondatud kokku teemap\u00f5hiselt, m\u00f5ningate uuendustega.<\/p>\n\n\n\n<p>Kirjastus Kirikiri, 256 lk<\/p>\n","protected":false},"excerpt":{"rendered":"<p>Meelis Friedenthali jutukogumikus on lugusid v\u00f5\u00f5rastest jumalatest, \u00fckssarvikutest ja lohedest, raamatutr\u00fckkalitest, kuraditest ja munkadest, kassidest ja n\u00e4ljast, vere\u00fclekandest ja revolutsioonist, n\u00f5iakettast ja kivististest, rebastest, inglitest, kontidest ja arheoloogiast, s\u00f5jast, surnutest ja \u00fclest\u00f5usmisest. Need lood on sageli ulmelised, vahel olmelised, tihti &hellip; <a href=\"http:\/\/ulme.ee\/veeb\/?p=10023&#038;lang=et\">J\u00e4tka lugemist <span class=\"meta-nav\">&rarr;<\/span><\/a><\/p>\n","protected":false},"author":4,"featured_media":0,"comment_status":"closed","ping_status":"closed","sticky":false,"template":"","format":"standard","meta":{"footnotes":""},"categories":[8],"tags":[],"_links":{"self":[{"href":"http:\/\/ulme.ee\/veeb\/index.php?rest_route=\/wp\/v2\/posts\/10023"}],"collection":[{"href":"http:\/\/ulme.ee\/veeb\/index.php?rest_route=\/wp\/v2\/posts"}],"about":[{"href":"http:\/\/ulme.ee\/veeb\/index.php?rest_route=\/wp\/v2\/types\/post"}],"author":[{"embeddable":true,"href":"http:\/\/ulme.ee\/veeb\/index.php?rest_route=\/wp\/v2\/users\/4"}],"replies":[{"embeddable":true,"href":"http:\/\/ulme.ee\/veeb\/index.php?rest_route=%2Fwp%2Fv2%2Fcomments&post=10023"}],"version-history":[{"count":1,"href":"http:\/\/ulme.ee\/veeb\/index.php?rest_route=\/wp\/v2\/posts\/10023\/revisions"}],"predecessor-version":[{"id":10025,"href":"http:\/\/ulme.ee\/veeb\/index.php?rest_route=\/wp\/v2\/posts\/10023\/revisions\/10025"}],"wp:attachment":[{"href":"http:\/\/ulme.ee\/veeb\/index.php?rest_route=%2Fwp%2Fv2%2Fmedia&parent=10023"}],"wp:term":[{"taxonomy":"category","embeddable":true,"href":"http:\/\/ulme.ee\/veeb\/index.php?rest_route=%2Fwp%2Fv2%2Fcategories&post=10023"},{"taxonomy":"post_tag","embeddable":true,"href":"http:\/\/ulme.ee\/veeb\/index.php?rest_route=%2Fwp%2Fv2%2Ftags&post=10023"}],"curies":[{"name":"wp","href":"https:\/\/api.w.org\/{rel}","templated":true}]}}